{"id":761,"date":"2021-06-26T11:42:13","date_gmt":"2021-06-26T09:42:13","guid":{"rendered":"http:\/\/parafiaslesin.pl\/?p=761"},"modified":"2021-06-26T11:42:13","modified_gmt":"2021-06-26T09:42:13","slug":"27-06-2021r-xiii-niedziela-zwykla","status":"publish","type":"post","link":"http:\/\/parafiaslesin.pl\/index.php\/2021\/06\/26\/27-06-2021r-xiii-niedziela-zwykla\/","title":{"rendered":"27.06.2021r. XIII Niedziela Zwyk\u0142a"},"content":{"rendered":"<ol>\n<li>Dzisiaj w czasie Mszy \u015bw. o godz. 11:00 dzieci z klasy III przyjm\u0105 I Komuni\u0119 \u015bw. Pami\u0119tajmy w modlitwie<span class=\"Apple-converted-space\">\u00a0 <\/span>o nich i ich rodzicach.<span class=\"Apple-converted-space\">\u00a0<\/span><\/li>\n<li>Bardzo serdecznie dzi\u0119kuj\u0119, za sprz\u0105tanie ko\u015bcio\u0142a i kaplicy w Minikowie, za sprz\u0105tanie terenu i trosk\u0119 o kwiaty przy ko\u015bciele i plebanii. Dzi\u0119kuj\u0119 za wszelk\u0105 pomoc i ofiary z\u0142o\u017cone na rzecz parafii. <span class=\"Apple-converted-space\">\u00a0<\/span><\/li>\n<li>Biuro parafialne b\u0119dzie nieczynne we wtorek i pi\u0105tek.<span class=\"Apple-converted-space\">\u00a0<\/span><\/li>\n<li>We wtorek uroczysto\u015b\u0107 \u015bw. Aposto\u0142\u00f3w Piotra i Paw\u0142a. Msze \u015bw. o godz. 11:00 i 17:00.<span class=\"Apple-converted-space\">\u00a0<\/span><\/li>\n<li>W pi\u0105tek od godz. 8:00 odwiedz\u0119 chorych z Naj\u015bwi\u0119tszym Sakramentem. Bardzo prosz\u0119 aby zg\u0142asza\u0107 chorych najp\u00f3\u017aniej do czwartku.<span class=\"Apple-converted-space\">\u00a0<\/span><\/li>\n<li>Od kilku miesi\u0119cy trwa modlitwa o nowe powo\u0142ania dla naszej diecezji.<span class=\"Apple-converted-space\">\u00a0 <\/span>Codziennie w innej parafii zanoszone s\u0105 modlitwy aby Pan pos\u0142a\u0142 robotnik\u00f3w na swoje \u017cniwo. W naszej parafii b\u0119dziemy modli\u0107 si\u0119 w tej intencji w najbli\u017cszy pi\u0105tek. O godz. 15:00 wystawienie Naj\u015bwi\u0119tszego Sakramentu i koronka do Bo\u017cego Mi\u0142osierdzia w intencji powo\u0142a\u0144 i mo\u017cliwo\u015b\u0107 spowiedzi. O godz. 16:30 nabo\u017ce\u0144stwo do NSPJ, a o 17:00 Msza \u015bw. w intencji nowych powo\u0142a\u0144 i za powo\u0142anych do S\u0142u\u017cby Bo\u017cej. Tego dnia b\u0119dziemy go\u015bci\u0107 w naszej parafii ojca duchownego seminarium bydgoskiego, ks. dr Paw\u0142a Hoppe i kleryk\u00f3w naszego seminarium.<span class=\"Apple-converted-space\">\u00a0 <\/span>Razem z nimi b\u0119dziemy modli\u0107 si\u0119 w tej intencji. B\u0119dzie rownie\u017c mo\u017cliwo\u015b\u0107 rozmowy z nimi. Zapraszam do tej modlitwy ca\u0142\u0105 wsp\u00f3lnot\u0119 parafialn\u0105, a szczeg\u00f3lnie wsp\u00f3lnot\u0119 \u017bywego R\u00f3\u017ca\u0144ca, ministrant\u00f3w, lektor\u00f3w i tych kt\u00f3rzy stawiaj\u0105 sobie pytania o wyb\u00f3r drogi \u017cyciowej.<span class=\"Apple-converted-space\">\u00a0<\/span><\/li>\n<li>W sobot\u0119 po Mszy \u015bw. spotkanie wsp\u00f3lnoty \u017bywego R\u00f3\u017ca\u0144ca.<\/li>\n<li>Razem z Biurem Pielgrzymkowym Arcus organizujemy pielgrzymk\u0119 do Ziemi \u015awi\u0119tej w dniach 15-22.11.2021r. Program pielgrzymki oraz informacje szczeg\u00f3\u0142owe dotycz\u0105ce udzia\u0142u wywieszone s\u0105 w kruchcie ko\u015bcio\u0142a i na stronie internetowej naszej Parafii. Osoby zainteresowane zapraszam do Biura Parafialnego. <span class=\"Apple-converted-space\">\u00a0<\/span><\/li>\n<li>Prymasowski Instytut Kultury Chrze\u015bcija\u0144skiej w Bydgoszczy og\u0142asza nab\u00f3r na na nowy rok akademicki. Szczeg\u00f3\u0142y na plakacie w kruchcie.<\/li>\n<li>Po Mszy \u015bw. przy wyj\u015bciu z ko\u015bcio\u0142a mo\u017cna naby\u0107 Przewodnik Katolicki z modlitewnikiem na lipiec.<\/li>\n<li>Pro\u015bmy Boga o mi\u0142osierdzie dla zmar\u0142ych Proboszcz\u00f3w, Parafian i Dobrodziej\u00f3w naszej parafii.<span class=\"Apple-converted-space\">\u00a0<\/span><\/li>\n<li><b>Wszystkich Parafian i Go\u015bci polecam opiece NMP Matki Pi\u0119knej Mi\u0142o\u015bci, \u015bw. Miko\u0142aja i b\u0142. Marii Kar\u0142owskiej.<span class=\"Apple-converted-space\">\u00a0<\/span><\/b><\/li>\n<li>Parafianom i Go\u015bciom \u017cycz\u0119 b\u0142ogos\u0142awionej niedzieli. Szcz\u0119\u015b\u0107 Bo\u017ce.<span class=\"Apple-converted-space\">\u00a0<\/span><\/li>\n<\/ol>\n","protected":false},"excerpt":{"rendered":"<p>Dzisiaj w czasie Mszy \u015bw. o godz. 11:00 dzieci z klasy III przyjm\u0105 I Komuni\u0119 \u015bw. Pami\u0119tajmy w modlitwie\u00a0 o nich i ich rodzicach.\u00a0 Bardzo serdecznie dzi\u0119kuj\u0119, za sprz\u0105tanie ko\u015bcio\u0142a i kaplicy w Minikowie, za sprz\u0105tanie terenu i trosk\u0119 o &hellip; <a href=\"http:\/\/parafiaslesin.pl\/index.php\/2021\/06\/26\/27-06-2021r-xiii-niedziela-zwykla\/\">Czytaj dalej <span class=\"meta-nav\">&rarr;<\/span><\/a><\/p>\n","protected":false},"author":1,"featured_media":0,"comment_status":"closed","ping_status":"closed","sticky":false,"template":"","format":"standard","meta":[],"categories":[1],"tags":[],"_links":{"self":[{"href":"http:\/\/parafiaslesin.pl\/index.php\/wp-json\/wp\/v2\/posts\/761"}],"collection":[{"href":"http:\/\/parafiaslesin.pl\/index.php\/wp-json\/wp\/v2\/posts"}],"about":[{"href":"http:\/\/parafiaslesin.pl\/index.php\/wp-json\/wp\/v2\/types\/post"}],"author":[{"embeddable":true,"href":"http:\/\/parafiaslesin.pl\/index.php\/wp-json\/wp\/v2\/users\/1"}],"replies":[{"embeddable":true,"href":"http:\/\/parafiaslesin.pl\/index.php\/wp-json\/wp\/v2\/comments?post=761"}],"version-history":[{"count":1,"href":"http:\/\/parafiaslesin.pl\/index.php\/wp-json\/wp\/v2\/posts\/761\/revisions"}],"predecessor-version":[{"id":762,"href":"http:\/\/parafiaslesin.pl\/index.php\/wp-json\/wp\/v2\/posts\/761\/revisions\/762"}],"wp:attachment":[{"href":"http:\/\/parafiaslesin.pl\/index.php\/wp-json\/wp\/v2\/media?parent=761"}],"wp:term":[{"taxonomy":"category","embeddable":true,"href":"http:\/\/parafiaslesin.pl\/index.php\/wp-json\/wp\/v2\/categories?post=761"},{"taxonomy":"post_tag","embeddable":true,"href":"http:\/\/parafiaslesin.pl\/index.php\/wp-json\/wp\/v2\/tags?post=761"}],"curies":[{"name":"wp","href":"https:\/\/api.w.org\/{rel}","templated":true}]}}