{"id":518,"date":"2020-06-20T12:00:16","date_gmt":"2020-06-20T10:00:16","guid":{"rendered":"http:\/\/parafiaslesin.pl\/?p=518"},"modified":"2020-06-20T11:50:12","modified_gmt":"2020-06-20T09:50:12","slug":"21-06-2020r-xii-niedziela-zwykla","status":"publish","type":"post","link":"http:\/\/parafiaslesin.pl\/index.php\/2020\/06\/20\/21-06-2020r-xii-niedziela-zwykla\/","title":{"rendered":"21.06.2020r. XII Niedziela Zwyk\u0142a"},"content":{"rendered":"<ul>\n<li>Dzi\u0119kuj\u0119 wszystkim za udzia\u0142 we Mszach \u015bw. i procesjach w oktawie Uroczysto\u015bci Naj\u015bwi\u0119tszego Cia\u0142a i Krwi Pa\u0144skiej. Dzi\u0119kuj\u0119 S\u0142u\u017cbie Liturgicznej, wsp\u00f3lnocie \u017bywego R\u00f3\u017ca\u0144ca, i druhom OSP \u015alesin.<\/li>\n<li>Serdecznie dzi\u0119kuj\u0119, za sprz\u0105tanie ko\u015bcio\u0142a i kaplicy w Minikowie, za sprz\u0105tanie terenu przy ko\u015bciele i plebanii. Dzi\u0119kuj\u0119 za pomoc, \u017cyczliwo\u015b\u0107, oraz za wszystkie ofiary sk\u0142adane osobi\u015bcie i wp\u0142acane na konto parafii. B\u00f3g zap\u0142a\u0107 za ofiary z\u0142o\u017cone tydzie\u0144 temu na remont organ\u00f3w w naszym ko\u015bciele.<\/li>\n<li><strong>Przypominam, \u017ce nadal obowi\u0105zuje nakaz zakrywania ust i nosa w czasie pobytu w ko\u015bciele. Jest to wyrazem wzajemnej troski o siebie, a zobowi\u0105zuje nas do tego nie tylko nakaz w\u0142adz pa\u0144stwowych, ale przede wszystkim przykazanie mi\u0142o\u015bci bli\u017aniego.<\/strong><\/li>\n<li>Spotkania dzieci do I Komunii \u015bw. w \u015brod\u0119 i pi\u0105tek o godz. 18:00.<\/li>\n<li>Zapraszam na nabo\u017ce\u0144stwa do Naj\u015bwi\u0119tszego Serca Pana Jezusa w dni powszednie po Mszy \u015bw., a w niedziel\u0119 po Mszy \u015bw. o godz. 11:00.<\/li>\n<li>W \u015brod\u0119 uroczysto\u015b\u0107 Narodzenie \u015bw. Jana Chrzciciela. Msza \u015bw. o godz. 17:00.<\/li>\n<li>W sobot\u0119 podczas Mszy \u015bw. o godz. 12:00 dzieci z I grupy przyjm\u0105 pierwszy raz Komuni\u0119 \u015bw. Pami\u0119tajmy w modlitwie o tych dzieciach i ich rodzicach.<\/li>\n<li>Po Mszy \u015bw. przy wyj\u015bciu z ko\u015bcio\u0142a mo\u017cna naby\u0107 Przewodnik Katolicki.<\/li>\n<li>Prymasowski Instytut Kultury Chrze\u015bcija\u0144skiej w Bydgoszczy og\u0142asza rekrutacj\u0119 na nowy rok akademicki. Szczeg\u00f3\u0142y na plakacie w kruchcie ko\u015bcio\u0142a.<\/li>\n<li>Pro\u015bmy Boga o mi\u0142osierdzie dla zmar\u0142ych Parafian, Dobrodziej\u00f3w naszej Parafii i ofiar epidemii.<\/li>\n<li><strong>Wszystkich Parafian i Go\u015bci polecam opiece NMP Matki Pi\u0119knej Mi\u0142o\u015bci, \u015bw. Miko\u0142aja i b\u0142. Marii Kar\u0142owskiej.<\/strong><\/li>\n<\/ul>\n","protected":false},"excerpt":{"rendered":"<p>Dzi\u0119kuj\u0119 wszystkim za udzia\u0142 we Mszach \u015bw. i procesjach w oktawie Uroczysto\u015bci Naj\u015bwi\u0119tszego Cia\u0142a i Krwi Pa\u0144skiej. Dzi\u0119kuj\u0119 S\u0142u\u017cbie Liturgicznej, wsp\u00f3lnocie \u017bywego R\u00f3\u017ca\u0144ca, i druhom OSP \u015alesin. Serdecznie dzi\u0119kuj\u0119, za sprz\u0105tanie ko\u015bcio\u0142a i kaplicy w Minikowie, za sprz\u0105tanie terenu przy &hellip; <a href=\"http:\/\/parafiaslesin.pl\/index.php\/2020\/06\/20\/21-06-2020r-xii-niedziela-zwykla\/\">Czytaj dalej <span class=\"meta-nav\">&rarr;<\/span><\/a><\/p>\n","protected":false},"author":1,"featured_media":0,"comment_status":"closed","ping_status":"closed","sticky":false,"template":"","format":"standard","meta":[],"categories":[1],"tags":[],"_links":{"self":[{"href":"http:\/\/parafiaslesin.pl\/index.php\/wp-json\/wp\/v2\/posts\/518"}],"collection":[{"href":"http:\/\/parafiaslesin.pl\/index.php\/wp-json\/wp\/v2\/posts"}],"about":[{"href":"http:\/\/parafiaslesin.pl\/index.php\/wp-json\/wp\/v2\/types\/post"}],"author":[{"embeddable":true,"href":"http:\/\/parafiaslesin.pl\/index.php\/wp-json\/wp\/v2\/users\/1"}],"replies":[{"embeddable":true,"href":"http:\/\/parafiaslesin.pl\/index.php\/wp-json\/wp\/v2\/comments?post=518"}],"version-history":[{"count":1,"href":"http:\/\/parafiaslesin.pl\/index.php\/wp-json\/wp\/v2\/posts\/518\/revisions"}],"predecessor-version":[{"id":519,"href":"http:\/\/parafiaslesin.pl\/index.php\/wp-json\/wp\/v2\/posts\/518\/revisions\/519"}],"wp:attachment":[{"href":"http:\/\/parafiaslesin.pl\/index.php\/wp-json\/wp\/v2\/media?parent=518"}],"wp:term":[{"taxonomy":"category","embeddable":true,"href":"http:\/\/parafiaslesin.pl\/index.php\/wp-json\/wp\/v2\/categories?post=518"},{"taxonomy":"post_tag","embeddable":true,"href":"http:\/\/parafiaslesin.pl\/index.php\/wp-json\/wp\/v2\/tags?post=518"}],"curies":[{"name":"wp","href":"https:\/\/api.w.org\/{rel}","templated":true}]}}