{"id":351,"date":"2019-09-08T12:00:36","date_gmt":"2019-09-08T10:00:36","guid":{"rendered":"http:\/\/parafiaslesin.pl\/?p=351"},"modified":"2019-09-09T09:44:16","modified_gmt":"2019-09-09T07:44:16","slug":"8-09-2019r-uroczystosc-nmp-matki-pieknej-milosci-patronki-diecezji","status":"publish","type":"post","link":"http:\/\/parafiaslesin.pl\/index.php\/2019\/09\/08\/8-09-2019r-uroczystosc-nmp-matki-pieknej-milosci-patronki-diecezji\/","title":{"rendered":"8.09.2019r. Uroczysto\u015b\u0107 NMP Matki Pi\u0119knej Mi\u0142o\u015bci, Patronki Diecezji"},"content":{"rendered":"<ol>\n<li>Dzi\u0119kuj\u0119 za ofiary zebrane dzi\u015b, w II niedziel\u0119 miesi\u0105ca, na prace remontowe i konserwatorskie naszego ko\u015bcio\u0142a. W tym tygodniu zosta\u0142y zdemontowane organy i wywiezione do naprawy i konserwacji. <strong>Koszt prac, materia\u0142\u00f3w i urz\u0105dze\u0144 potrzebnych do przeprowadzenia remontu organ\u00f3w wynosi 71340 z\u0142<\/strong>. Dzie\u0142o remontu naszego ko\u015bcio\u0142a polecam pami\u0119ci modlitewnej.<\/li>\n<li>Dzi\u0119kuj\u0119 rodzicom i dzieciom za udzia\u0142 we Mszy \u015bw. i wsp\u00f3ln\u0105 modlitw\u0119 w pierwszy pi\u0105tek miesi\u0105ca. Mam nadziej\u0119, \u017ce \u00a0grupa ta znacznie si\u0119 powi\u0119kszy.<\/li>\n<li>Dzi\u015b po Mszy \u015bw. o godz. 11.00 spotkanie rodzic\u00f3w klasy VIII i tegorocznych absolwent\u00f3w Szko\u0142y Podstawowej.<\/li>\n<li>Uczniowie klas VI i VII w najbli\u017csz\u0105 sobot\u0119 udaj\u0105 si\u0119 na Rajd Pami\u0119ci M\u0119czennik\u00f3w do Szczepanowa. Koszt wyjazdu to 5 z\u0142., a zapisy i zgody rodzic\u00f3w na wyjazd przyjmuje w szkole p. Joanna Ma\u0142ysz. Wyjazd w sobot\u0119 o godz. 8:00 sprzed ko\u015bcio\u0142a.<\/li>\n<li>Ch\u0142opc\u00f3w, kt\u00f3rzy chc\u0105 by\u0107 ministrantami zapraszam, razem z rodzicami, na spotkanie za tydzie\u0144, w niedziel\u0119, po Mszy \u015bw. o godz. 11.00.<\/li>\n<li>Rok temu prze\u017cywali\u015bmy w naszej parafii nawiedzenie obrazu NMP Cz\u0119stochowskiej. Pragniemy z tej okazji pielgrzymowa\u0107 na Jasn\u0105 G\u00f3r\u0119. Niech to b\u0119dzie wyraz naszej wdzi\u0119czno\u015bci za ten \u015bwi\u0119ty czas. Po Mszach \u015bw. mo\u017cna si\u0119 zapisywa\u0107 na jednodniow\u0105, autokarow\u0105 pielgrzymk\u0119 na Jasn\u0105 G\u00f3r\u0119, kt\u00f3ra odb\u0119dzie si\u0119 w czwartek, 24.10. Koszt pielgrzymki z ubezpieczeniem to 80 z\u0142otych. Przy zapisach potrzebny jest dow\u00f3d osobisty.<\/li>\n<li>Spotkanie os\u00f3b wyje\u017cdzaj\u0105cych na pielgrzymk\u0119 do W\u0142och odb\u0119dzie si\u0119 w \u015brod\u0119 18.09. o godz. 18:00 w naszym ko\u015bciele. Mo\u017cna ju\u017c wp\u0142aca\u0107 ostatni\u0105 rat\u0119 (1000 z\u0142) na t\u0119 pielgrzymk\u0119.<\/li>\n<li>Zach\u0119cam do czytania Przewodnika Katolickiego, kt\u00f3ry mo\u017cna naby\u0107 przy wyj\u015bciu z ko\u015bcio\u0142a.<\/li>\n<li>Wszystkim Parafianom i Go\u015bciom \u017cycz\u0119 b\u0142ogos\u0142awionej niedzieli. Szcz\u0119\u015b\u0107 Bo\u017ce.<\/li>\n<\/ol>\n","protected":false},"excerpt":{"rendered":"<p>Dzi\u0119kuj\u0119 za ofiary zebrane dzi\u015b, w II niedziel\u0119 miesi\u0105ca, na prace remontowe i konserwatorskie naszego ko\u015bcio\u0142a. W tym tygodniu zosta\u0142y zdemontowane organy i wywiezione do naprawy i konserwacji. Koszt prac, materia\u0142\u00f3w i urz\u0105dze\u0144 potrzebnych do przeprowadzenia remontu organ\u00f3w wynosi 71340 &hellip; <a href=\"http:\/\/parafiaslesin.pl\/index.php\/2019\/09\/08\/8-09-2019r-uroczystosc-nmp-matki-pieknej-milosci-patronki-diecezji\/\">Czytaj dalej <span class=\"meta-nav\">&rarr;<\/span><\/a><\/p>\n","protected":false},"author":1,"featured_media":0,"comment_status":"closed","ping_status":"closed","sticky":false,"template":"","format":"standard","meta":[],"categories":[1],"tags":[],"_links":{"self":[{"href":"http:\/\/parafiaslesin.pl\/index.php\/wp-json\/wp\/v2\/posts\/351"}],"collection":[{"href":"http:\/\/parafiaslesin.pl\/index.php\/wp-json\/wp\/v2\/posts"}],"about":[{"href":"http:\/\/parafiaslesin.pl\/index.php\/wp-json\/wp\/v2\/types\/post"}],"author":[{"embeddable":true,"href":"http:\/\/parafiaslesin.pl\/index.php\/wp-json\/wp\/v2\/users\/1"}],"replies":[{"embeddable":true,"href":"http:\/\/parafiaslesin.pl\/index.php\/wp-json\/wp\/v2\/comments?post=351"}],"version-history":[{"count":2,"href":"http:\/\/parafiaslesin.pl\/index.php\/wp-json\/wp\/v2\/posts\/351\/revisions"}],"predecessor-version":[{"id":353,"href":"http:\/\/parafiaslesin.pl\/index.php\/wp-json\/wp\/v2\/posts\/351\/revisions\/353"}],"wp:attachment":[{"href":"http:\/\/parafiaslesin.pl\/index.php\/wp-json\/wp\/v2\/media?parent=351"}],"wp:term":[{"taxonomy":"category","embeddable":true,"href":"http:\/\/parafiaslesin.pl\/index.php\/wp-json\/wp\/v2\/categories?post=351"},{"taxonomy":"post_tag","embeddable":true,"href":"http:\/\/parafiaslesin.pl\/index.php\/wp-json\/wp\/v2\/tags?post=351"}],"curies":[{"name":"wp","href":"https:\/\/api.w.org\/{rel}","templated":true}]}}