{"id":318,"date":"2019-06-15T11:40:25","date_gmt":"2019-06-15T09:40:25","guid":{"rendered":"http:\/\/parafiaslesin.pl\/?p=318"},"modified":"2019-06-15T11:40:25","modified_gmt":"2019-06-15T09:40:25","slug":"16-06-2019r-uroczystosc-najswietszej-trojcy","status":"publish","type":"post","link":"http:\/\/parafiaslesin.pl\/index.php\/2019\/06\/15\/16-06-2019r-uroczystosc-najswietszej-trojcy\/","title":{"rendered":"16.06.2019r. Uroczysto\u015b\u0107 Naj\u015bwi\u0119tszej Tr\u00f3jcy."},"content":{"rendered":"<ol>\n<li>Bardzo serdecznie dzi\u0119kuj\u0119, za sprz\u0105tanie ko\u015bcio\u0142a i kaplicy w Minikowie, za sprz\u0105tanie terenu przy ko\u015bciele i plebanii, za skoszenie trawy. Dzi\u0119kuj\u0119 za pomoc, \u017cyczliwo\u015b\u0107 i ofiary na rzecz parafii w II niedziel\u0119 miesi\u0105ca na prace remontowe i konserwatorskie, B\u00f3g zap\u0142a\u0107.<\/li>\n<li>Zapraszam serdecznie na Nabo\u017ce\u0144stwa do NSPJ codziennie po Mszach \u015bw. a w niedziel\u0119 po Mszy \u015bw. o godz. 11:00.<\/li>\n<li>W czwartek Uroczysto\u015b\u0107 Naj\u015bwi\u0119tszego Cia\u0142a i Krwi Chrystusa. Msze \u015bw. wg porz\u0105dku niedzielnego. Po Mszy \u015bw. o godz. 11:00 wyruszy procesja z Naj\u015bwi\u0119tszym Sakramentem do 4 o\u0142tarzy ulicami: Dworcow\u0105, Ko\u015bcieln\u0105, Nakielsk\u0105 i Dworcow\u0105. Zako\u0144czenie procesji w ko\u015bciele uroczystym b\u0142ogos\u0142awie\u0144stwem. Bardzo prosz\u0119 o udekorowanie dom\u00f3w w ca\u0142ej parafii. Niech to b\u0119dzie wyrazem naszej wiary i mi\u0142o\u015bci do Chrystusa obecnego w Naj\u015bwi\u0119tszym Sakramencie. Bardzo prosz\u0119 tak\u017ce o przygotowanie o\u0142tarzy w tych samych miejscach, co w poprzednich latach. Do udzia\u0142u w uroczystej liturgii i procesji Bo\u017cego Cia\u0142a zapraszam wsp\u00f3lnoty parafialne, poczty sztandarowe, dziewczynki do sypania kwiat\u00f3w, dzieci, kt\u00f3re w tym roku przyst\u0105pi\u0142y do I Komunii \u015bw. w albach, Liturgiczn\u0105 S\u0142u\u017cb\u0119 O\u0142tarza, stra\u017cak\u00f3w i wszystkich Parafian. Uczestnictwo w procesji nie zwalnia z obowi\u0105zku uczestnictwa we Mszy \u015bw. Zapraszam tak\u017ce do uczestnictwa w oktawie Bo\u017cego Cia\u0142a codziennie o godz. 17:00, a niedziel\u0119 po Mszy \u015bw. o godz. 11:00.\u0144<\/li>\n<li>Za tydzie\u0144, w niedziel\u0119, w czasie Mszy \u015bw. o godz. 11:00 b\u0119dziemy dzi\u0119kowa\u0107 za ca\u0142y rok szkolny 2018\/19. Zapraszam serdecznie dyrekcj\u0119, nauczycieli i wszystkich uczni\u00f3w na t\u0119 Eucharysti\u0119.<\/li>\n<li>W niedziel\u0119, 30.06. b\u0119dziemy go\u015bci\u0107 w naszej parafii ks. neoprezbitera Igora Wichrowskiego, kt\u00f3ry kilka lat temu odbywa\u0142 w naszej parafii swoje praktyki duszpasterskie. Ks. Neoprezbiter odprawi Msz\u0119 \u015bw. o godz. 11:00, wyg\u0142osi homili\u0119 i udzieli prymicyjnego b\u0142ogos\u0142awie\u0144stwa.<\/li>\n<li>Bardzo prosz\u0119, aby zg\u0142asza\u0107 si\u0119 do biura parafialnego w celu uzupe\u0142nienia danych os\u00f3b opiekuj\u0105cych si\u0119 grobami na naszym cmentarzu parafialnym. Jednocze\u015bnie przypominam o obowi\u0105zku uiszczenia op\u0142aty za kwater\u0119 na cmentarzu po up\u0142ywie 20 lat od poch\u00f3wku.<\/li>\n<li>Osoby, kt\u00f3re zapisa\u0142y si\u0119 na pielgrzymk\u0119 do W\u0142och prosz\u0119 o wp\u0142aty drugiej raty (1000 z\u0142) do ko\u0144ca miesi\u0105ca. Wp\u0142aty mo\u017cna dokona\u0107 osobi\u015bcie w Biurze Parafialnym lub przelewem na konto parafialne.<\/li>\n<li>Dzieci po Mszy \u015bw. odbieraj\u0105 ulotk\u0119 Ziarno.<\/li>\n<li>Po Mszy \u015bw. mo\u017cna naby\u0107 Przewodnik Katolicki.<\/li>\n<\/ol>\n","protected":false},"excerpt":{"rendered":"<p>Bardzo serdecznie dzi\u0119kuj\u0119, za sprz\u0105tanie ko\u015bcio\u0142a i kaplicy w Minikowie, za sprz\u0105tanie terenu przy ko\u015bciele i plebanii, za skoszenie trawy. Dzi\u0119kuj\u0119 za pomoc, \u017cyczliwo\u015b\u0107 i ofiary na rzecz parafii w II niedziel\u0119 miesi\u0105ca na prace remontowe i konserwatorskie, B\u00f3g zap\u0142a\u0107. &hellip; <a href=\"http:\/\/parafiaslesin.pl\/index.php\/2019\/06\/15\/16-06-2019r-uroczystosc-najswietszej-trojcy\/\">Czytaj dalej <span class=\"meta-nav\">&rarr;<\/span><\/a><\/p>\n","protected":false},"author":1,"featured_media":0,"comment_status":"closed","ping_status":"closed","sticky":false,"template":"","format":"standard","meta":[],"categories":[1],"tags":[],"_links":{"self":[{"href":"http:\/\/parafiaslesin.pl\/index.php\/wp-json\/wp\/v2\/posts\/318"}],"collection":[{"href":"http:\/\/parafiaslesin.pl\/index.php\/wp-json\/wp\/v2\/posts"}],"about":[{"href":"http:\/\/parafiaslesin.pl\/index.php\/wp-json\/wp\/v2\/types\/post"}],"author":[{"embeddable":true,"href":"http:\/\/parafiaslesin.pl\/index.php\/wp-json\/wp\/v2\/users\/1"}],"replies":[{"embeddable":true,"href":"http:\/\/parafiaslesin.pl\/index.php\/wp-json\/wp\/v2\/comments?post=318"}],"version-history":[{"count":1,"href":"http:\/\/parafiaslesin.pl\/index.php\/wp-json\/wp\/v2\/posts\/318\/revisions"}],"predecessor-version":[{"id":319,"href":"http:\/\/parafiaslesin.pl\/index.php\/wp-json\/wp\/v2\/posts\/318\/revisions\/319"}],"wp:attachment":[{"href":"http:\/\/parafiaslesin.pl\/index.php\/wp-json\/wp\/v2\/media?parent=318"}],"wp:term":[{"taxonomy":"category","embeddable":true,"href":"http:\/\/parafiaslesin.pl\/index.php\/wp-json\/wp\/v2\/categories?post=318"},{"taxonomy":"post_tag","embeddable":true,"href":"http:\/\/parafiaslesin.pl\/index.php\/wp-json\/wp\/v2\/tags?post=318"}],"curies":[{"name":"wp","href":"https:\/\/api.w.org\/{rel}","templated":true}]}}